{"id":412,"date":"2025-08-19T21:24:24","date_gmt":"2025-08-19T19:24:24","guid":{"rendered":"https:\/\/www.mckrudasl.pl\/?p=412"},"modified":"2025-08-19T21:24:24","modified_gmt":"2025-08-19T19:24:24","slug":"inspirujace-zajecia-wokalne-dlaczego-warto-rozwijac-swoj-glos","status":"publish","type":"post","link":"https:\/\/www.mckrudasl.pl\/index.php\/zajecia\/inspirujace-zajecia-wokalne-dlaczego-warto-rozwijac-swoj-glos","title":{"rendered":"Inspiruj\u0105ce zaj\u0119cia wokalne \u2013 dlaczego warto rozwija\u0107 sw\u00f3j g\u0142os?"},"content":{"rendered":"<p><strong>Zaj\u0119cia wokalne ciesz\u0105 si\u0119 rosn\u0105c\u0105 popularno\u015bci\u0105 zar\u00f3wno w\u015br\u00f3d dzieci, m\u0142odzie\u017cy, jak i doros\u0142ych. Rozwijanie g\u0142osu pod okiem do\u015bwiadczonego pedagoga to nie tylko spos\u00f3b na popraw\u0119 techniki, ale te\u017c droga do lepszego samopoczucia i pewno\u015bci siebie. Umiej\u0119tno\u015b\u0107 \u015bpiewania coraz cz\u0119\u015bciej postrzegana jest jako cenny atut, kt\u00f3ry otwiera drzwi do nowych mo\u017cliwo\u015bci artystycznych, spo\u0142ecznych i zawodowych.<\/strong><\/p><div id=\"ez-toc-container\" class=\"ez-toc-v2_0_82_2 counter-hierarchy ez-toc-counter ez-toc-grey ez-toc-container-direction\">\n<div class=\"ez-toc-title-container\">\n<p class=\"ez-toc-title\" style=\"cursor:inherit\">Spis tre\u015bci<\/p>\n<span class=\"ez-toc-title-toggle\"><a href=\"#\" class=\"ez-toc-pull-right ez-toc-btn ez-toc-btn-xs ez-toc-btn-default ez-toc-toggle\" aria-label=\"Prze\u0142\u0105cznik Spisu Tre\u015bci\"><span class=\"ez-toc-js-icon-con\"><span class=\"\"><span class=\"eztoc-hide\" style=\"display:none;\">Toggle<\/span><span class=\"ez-toc-icon-toggle-span\"><svg style=\"fill: #999;color:#999\" xmlns=\"http:\/\/www.w3.org\/2000\/svg\" class=\"list-377408\" width=\"20px\" height=\"20px\" viewBox=\"0 0 24 24\" fill=\"none\"><path d=\"M6 6H4v2h2V6zm14 0H8v2h12V6zM4 11h2v2H4v-2zm16 0H8v2h12v-2zM4 16h2v2H4v-2zm16 0H8v2h12v-2z\" fill=\"currentColor\"><\/path><\/svg><svg style=\"fill: #999;color:#999\" class=\"arrow-unsorted-368013\" xmlns=\"http:\/\/www.w3.org\/2000\/svg\" width=\"10px\" height=\"10px\" viewBox=\"0 0 24 24\" version=\"1.2\" baseProfile=\"tiny\"><path d=\"M18.2 9.3l-6.2-6.3-6.2 6.3c-.2.2-.3.4-.3.7s.1.5.3.7c.2.2.4.3.7.3h11c.3 0 .5-.1.7-.3.2-.2.3-.5.3-.7s-.1-.5-.3-.7zM5.8 14.7l6.2 6.3 6.2-6.3c.2-.2.3-.5.3-.7s-.1-.5-.3-.7c-.2-.2-.4-.3-.7-.3h-11c-.3 0-.5.1-.7.3-.2.2-.3.5-.3.7s.1.5.3.7z\"\/><\/svg><\/span><\/span><\/span><\/a><\/span><\/div>\n<nav><ul class='ez-toc-list ez-toc-list-level-1 ' ><li class='ez-toc-page-1 ez-toc-heading-level-2'><a class=\"ez-toc-link ez-toc-heading-1\" href=\"https:\/\/www.mckrudasl.pl\/index.php\/zajecia\/inspirujace-zajecia-wokalne-dlaczego-warto-rozwijac-swoj-glos\/#Kluczowe_korzysci_rozwoju_glosu\" >Kluczowe korzy\u015bci rozwoju g\u0142osu<\/a><ul class='ez-toc-list-level-3' ><li class='ez-toc-heading-level-3'><a class=\"ez-toc-link ez-toc-heading-2\" href=\"https:\/\/www.mckrudasl.pl\/index.php\/zajecia\/inspirujace-zajecia-wokalne-dlaczego-warto-rozwijac-swoj-glos\/#Wzmacnianie_pewnosci_siebie_i_autoprezentacji\" >Wzmacnianie pewno\u015bci siebie i autoprezentacji<\/a><\/li><li class='ez-toc-page-1 ez-toc-heading-level-3'><a class=\"ez-toc-link ez-toc-heading-3\" href=\"https:\/\/www.mckrudasl.pl\/index.php\/zajecia\/inspirujace-zajecia-wokalne-dlaczego-warto-rozwijac-swoj-glos\/#Korzysci_zdrowotne_wynikajace_z_pracy_z_glosem\" >Korzy\u015bci zdrowotne wynikaj\u0105ce z pracy z g\u0142osem<\/a><\/li><\/ul><\/li><li class='ez-toc-page-1 ez-toc-heading-level-2'><a class=\"ez-toc-link ez-toc-heading-4\" href=\"https:\/\/www.mckrudasl.pl\/index.php\/zajecia\/inspirujace-zajecia-wokalne-dlaczego-warto-rozwijac-swoj-glos\/#Zajecia_wokalne_jako_sposob_na_rozwijanie_kreatywnosci\" >Zaj\u0119cia wokalne jako spos\u00f3b na rozwijanie kreatywno\u015bci<\/a><ul class='ez-toc-list-level-3' ><li class='ez-toc-heading-level-3'><a class=\"ez-toc-link ez-toc-heading-5\" href=\"https:\/\/www.mckrudasl.pl\/index.php\/zajecia\/inspirujace-zajecia-wokalne-dlaczego-warto-rozwijac-swoj-glos\/#Praca_z_repertuarem_i_ekspresja_artystyczna\" >Praca z repertuarem i ekspresj\u0105 artystyczn\u0105<\/a><\/li><li class='ez-toc-page-1 ez-toc-heading-level-3'><a class=\"ez-toc-link ez-toc-heading-6\" href=\"https:\/\/www.mckrudasl.pl\/index.php\/zajecia\/inspirujace-zajecia-wokalne-dlaczego-warto-rozwijac-swoj-glos\/#Integracja_z_grupa_i_umiejetnosc_wspolpracy\" >Integracja z grup\u0105 i umiej\u0119tno\u015b\u0107 wsp\u00f3\u0142pracy<\/a><\/li><\/ul><\/li><li class='ez-toc-page-1 ez-toc-heading-level-2'><a class=\"ez-toc-link ez-toc-heading-7\" href=\"https:\/\/www.mckrudasl.pl\/index.php\/zajecia\/inspirujace-zajecia-wokalne-dlaczego-warto-rozwijac-swoj-glos\/#Jak_wybrac_odpowiednia_forme_nauki_spiewu\" >Jak wybra\u0107 odpowiedni\u0105 form\u0119 nauki \u015bpiewu?<\/a><ul class='ez-toc-list-level-3' ><li class='ez-toc-heading-level-3'><a class=\"ez-toc-link ez-toc-heading-8\" href=\"https:\/\/www.mckrudasl.pl\/index.php\/zajecia\/inspirujace-zajecia-wokalne-dlaczego-warto-rozwijac-swoj-glos\/#Indywidualna_praca_z_nauczycielem\" >Indywidualna praca z nauczycielem<\/a><\/li><li class='ez-toc-page-1 ez-toc-heading-level-3'><a class=\"ez-toc-link ez-toc-heading-9\" href=\"https:\/\/www.mckrudasl.pl\/index.php\/zajecia\/inspirujace-zajecia-wokalne-dlaczego-warto-rozwijac-swoj-glos\/#Kurs_spiewu_w_grupie\" >Kurs \u015bpiewu w grupie<\/a><\/li><\/ul><\/li><li class='ez-toc-page-1 ez-toc-heading-level-2'><a class=\"ez-toc-link ez-toc-heading-10\" href=\"https:\/\/www.mckrudasl.pl\/index.php\/zajecia\/inspirujace-zajecia-wokalne-dlaczego-warto-rozwijac-swoj-glos\/#Podsumowanie_znaczenia_rozwoju_glosu_poprzez_spiew\" >Podsumowanie znaczenia rozwoju g\u0142osu poprzez \u015bpiew<\/a><\/li><\/ul><\/nav><\/div>\n\n<h2 id=\"kluczowe-korzy\u015bci-rozwoju-g\u0142osu\"><span class=\"ez-toc-section\" id=\"Kluczowe_korzysci_rozwoju_glosu\"><\/span>Kluczowe korzy\u015bci rozwoju g\u0142osu<span class=\"ez-toc-section-end\"><\/span><\/h2>\n<p>Systematyczna praca nad g\u0142osem przynosi wymierne rezultaty, niezale\u017cnie od poziomu zaawansowania. Wiele os\u00f3b decyduje si\u0119 na nauk\u0119 \u015bpiewu, aby poprawi\u0107 swoje umiej\u0119tno\u015bci, ale tak\u017ce by odnale\u017a\u0107 now\u0105 pasj\u0119 i zadba\u0107 o rozw\u00f3j osobisty.<\/p>\n<h3 id=\"wzmacnianie-pewno\u015bci-siebie-i-autoprezentacji\"><span class=\"ez-toc-section\" id=\"Wzmacnianie_pewnosci_siebie_i_autoprezentacji\"><\/span>Wzmacnianie pewno\u015bci siebie i autoprezentacji<span class=\"ez-toc-section-end\"><\/span><\/h3>\n<p>Praca nad g\u0142osem pozwala prze\u0142ama\u0107 bariery zwi\u0105zane z wyst\u0105pieniami publicznymi. <strong>Osoby uczestnicz\u0105ce w zaj\u0119ciach wokalnych cz\u0119sto zauwa\u017caj\u0105 znaczn\u0105 popraw\u0119 w zakresie prezentowania si\u0119 przed innymi<\/strong>, co przek\u0142ada si\u0119 na wi\u0119ksz\u0105 pewno\u015b\u0107 siebie nie tylko na scenie, ale r\u00f3wnie\u017c w codziennych sytuacjach. Rozw\u00f3j umiej\u0119tno\u015bci wokalnych poprawia dykcj\u0119 i modulacj\u0119 g\u0142osu, co jest szczeg\u00f3lnie istotne w pracy z lud\u017ami.<\/p>\n<h3 id=\"korzy\u015bci-zdrowotne-wynikaj\u0105ce-z-pracy-z-g\u0142osem\"><span class=\"ez-toc-section\" id=\"Korzysci_zdrowotne_wynikajace_z_pracy_z_glosem\"><\/span>Korzy\u015bci zdrowotne wynikaj\u0105ce z pracy z g\u0142osem<span class=\"ez-toc-section-end\"><\/span><\/h3>\n<p>Regularne \u0107wiczenia oddechowe i artykulacyjne wp\u0142ywaj\u0105 korzystnie na uk\u0142ad oddechowy i og\u00f3ln\u0105 kondycj\u0119 organizmu. <strong>\u015awiadome zarz\u0105dzanie oddechem sprzyja redukcji stresu oraz poprawia wydolno\u015b\u0107 organizmu<\/strong>. Dodatkowo, rozgrzewki wokalne i odpowiednia technika \u015bpiewu minimalizuj\u0105 ryzyko przeci\u0105\u017cenia strun g\u0142osowych.<\/p>\n<h2 id=\"zaj\u0119cia-wokalne-jako-spos\u00f3b-na-rozwijanie-kreatywno\u015bci\"><span class=\"ez-toc-section\" id=\"Zajecia_wokalne_jako_sposob_na_rozwijanie_kreatywnosci\"><\/span>Zaj\u0119cia wokalne jako spos\u00f3b na rozwijanie kreatywno\u015bci<span class=\"ez-toc-section-end\"><\/span><\/h2>\n<p>Tw\u00f3rczy aspekt \u015bpiewania sprawia, \u017ce nauka staje si\u0119 fascynuj\u0105cym do\u015bwiadczeniem. Kurs \u015bpiewu to nie tylko \u0107wiczenia techniczne, ale tak\u017ce praca nad interpretacj\u0105 utwor\u00f3w, co rozwija wyobra\u017ani\u0119 i wra\u017cliwo\u015b\u0107 muzyczn\u0105.<\/p>\n<h3 id=\"praca-z-repertuarem-i-ekspresj\u0105-artystyczn\u0105\"><span class=\"ez-toc-section\" id=\"Praca_z_repertuarem_i_ekspresja_artystyczna\"><\/span>Praca z repertuarem i ekspresj\u0105 artystyczn\u0105<span class=\"ez-toc-section-end\"><\/span><\/h3>\n<p>Uczestnicy zaj\u0119\u0107 maj\u0105 mo\u017cliwo\u015b\u0107 poznania r\u00f3\u017cnorodnych styl\u00f3w muzycznych. <strong>Analiza tekst\u00f3w piosenek i praca nad interpretacj\u0105 utworu wspieraj\u0105 rozwijanie indywidualnego stylu artystycznego<\/strong>. To wa\u017cny element, kt\u00f3ry buduje \u015bwiadomo\u015b\u0107 muzyczn\u0105 i pozwala na g\u0142\u0119bsze prze\u017cywanie muzyki.<\/p>\n<h3 id=\"integracja-z-grup\u0105-i-umiej\u0119tno\u015b\u0107-wsp\u00f3\u0142pracy\"><span class=\"ez-toc-section\" id=\"Integracja_z_grupa_i_umiejetnosc_wspolpracy\"><\/span>Integracja z grup\u0105 i umiej\u0119tno\u015b\u0107 wsp\u00f3\u0142pracy<span class=\"ez-toc-section-end\"><\/span><\/h3>\n<p>Zaj\u0119cia grupowe sprzyjaj\u0105 budowaniu wi\u0119zi mi\u0119dzyludzkich i ucz\u0105 wsp\u00f3\u0142pracy. <strong>Wsp\u00f3lne \u015bpiewanie rozwija empati\u0119 oraz umiej\u0119tno\u015b\u0107 s\u0142uchania innych<\/strong>, co przek\u0142ada si\u0119 na lepsz\u0105 komunikacj\u0119 w \u017cyciu codziennym i zawodowym. Zaj\u0119cia wokalne w grupie mog\u0105 by\u0107 tak\u017ce doskona\u0142\u0105 form\u0105 integracji i relaksu.<\/p>\n<h2 id=\"jak-wybra\u0107-odpowiedni\u0105-form\u0119-nauki-\u015bpiewu\"><span class=\"ez-toc-section\" id=\"Jak_wybrac_odpowiednia_forme_nauki_spiewu\"><\/span>Jak wybra\u0107 odpowiedni\u0105 form\u0119 nauki \u015bpiewu?<span class=\"ez-toc-section-end\"><\/span><\/h2>\n<p>R\u00f3\u017cnorodno\u015b\u0107 dost\u0119pnych metod edukacji wokalnej pozwala na dostosowanie nauki do indywidualnych potrzeb. Wyb\u00f3r pomi\u0119dzy zaj\u0119ciami indywidualnymi a grupowymi zale\u017cy od preferencji, poziomu zaawansowania oraz oczekiwanych rezultat\u00f3w.<\/p>\n<h3 id=\"indywidualna-praca-z-nauczycielem\"><span class=\"ez-toc-section\" id=\"Indywidualna_praca_z_nauczycielem\"><\/span>Indywidualna praca z nauczycielem<span class=\"ez-toc-section-end\"><\/span><\/h3>\n<p>Lekcje indywidualne pozwalaj\u0105 na pe\u0142ne skupienie si\u0119 na potrzebach ucznia. <strong>Bezpo\u015bredni kontakt z prowadz\u0105cym umo\u017cliwia szybsze post\u0119py oraz prac\u0119 nad konkretnymi aspektami techniki wokalnej<\/strong>. Taka forma nauki \u015bpiewu bywa szczeg\u00f3lnie efektywna dla os\u00f3b, kt\u00f3re chc\u0105 rozwija\u0107 si\u0119 w okre\u015blonym stylu muzycznym.<\/p>\n<h3 id=\"kurs-\u015bpiewu-w-grupie\"><span class=\"ez-toc-section\" id=\"Kurs_spiewu_w_grupie\"><\/span>Kurs \u015bpiewu w grupie<span class=\"ez-toc-section-end\"><\/span><\/h3>\n<p>Zaj\u0119cia grupowe to doskona\u0142a okazja do wymiany do\u015bwiadcze\u0144 i wsp\u00f3lnej nauki. <strong>Uczestnicy mog\u0105 inspirowa\u0107 si\u0119 nawzajem oraz uczy\u0107 si\u0119 poprzez obserwacj\u0119 innych<\/strong>. Kurs \u015bpiewu w grupie jest cz\u0119sto bardziej przyst\u0119pny cenowo i pozwala na nawi\u0105zanie nowych znajomo\u015bci.<\/p>\n<h2 id=\"podsumowanie-znaczenia-rozwoju-g\u0142osu-poprzez-\u015bpiew\"><span class=\"ez-toc-section\" id=\"Podsumowanie_znaczenia_rozwoju_glosu_poprzez_spiew\"><\/span>Podsumowanie znaczenia rozwoju g\u0142osu poprzez \u015bpiew<span class=\"ez-toc-section-end\"><\/span><\/h2>\n<p>Rozwijanie g\u0142osu pod okiem specjalisty wp\u0142ywa pozytywnie na wiele aspekt\u00f3w \u017cycia. Zaj\u0119cia wokalne to nie tylko nauka techniki \u015bpiewu, ale tak\u017ce inwestycja w rozw\u00f3j osobisty, zdrowie i relacje spo\u0142eczne. <strong>Umiej\u0119tno\u015b\u0107 swobodnego pos\u0142ugiwania si\u0119 g\u0142osem mo\u017ce by\u0107 \u017ar\u00f3d\u0142em satysfakcji, lepszej komunikacji oraz nowych mo\u017cliwo\u015bci zawodowych i artystycznych.<\/strong><\/p>\n","protected":false},"excerpt":{"rendered":"<p>Zaj\u0119cia wokalne ciesz\u0105 si\u0119 rosn\u0105c\u0105 popularno\u015bci\u0105 zar\u00f3wno w\u015br\u00f3d dzieci, m\u0142odzie\u017cy, jak i doros\u0142ych. Rozwijanie g\u0142osu pod okiem do\u015bwiadczonego pedagoga to nie tylko spos\u00f3b na popraw\u0119 techniki, ale te\u017c droga do lepszego samopoczucia i pewno\u015bci siebie. Umiej\u0119tno\u015b\u0107 \u015bpiewania coraz cz\u0119\u015bciej postrzegana jest jako cenny atut, kt\u00f3ry otwiera drzwi do nowych mo\u017cliwo\u015bci artystycznych, spo\u0142ecznych i zawodowych. Kluczowe&#8230;<\/p>\n","protected":false},"author":1,"featured_media":411,"comment_status":"open","ping_status":"open","sticky":false,"template":"","format":"standard","meta":{"_kadence_starter_templates_imported_post":false,"_kad_post_transparent":"","_kad_post_title":"","_kad_post_layout":"","_kad_post_sidebar_id":"","_kad_post_content_style":"","_kad_post_vertical_padding":"","_kad_post_feature":"","_kad_post_feature_position":"","_kad_post_header":false,"_kad_post_footer":false,"_kad_post_classname":"","footnotes":""},"categories":[14],"tags":[],"class_list":["post-412","post","type-post","status-publish","format-standard","has-post-thumbnail","hentry","category-zajecia"],"_links":{"self":[{"href":"https:\/\/www.mckrudasl.pl\/index.php\/wp-json\/wp\/v2\/posts\/412","targetHints":{"allow":["GET"]}}],"collection":[{"href":"https:\/\/www.mckrudasl.pl\/index.php\/wp-json\/wp\/v2\/posts"}],"about":[{"href":"https:\/\/www.mckrudasl.pl\/index.php\/wp-json\/wp\/v2\/types\/post"}],"author":[{"embeddable":true,"href":"https:\/\/www.mckrudasl.pl\/index.php\/wp-json\/wp\/v2\/users\/1"}],"replies":[{"embeddable":true,"href":"https:\/\/www.mckrudasl.pl\/index.php\/wp-json\/wp\/v2\/comments?post=412"}],"version-history":[{"count":1,"href":"https:\/\/www.mckrudasl.pl\/index.php\/wp-json\/wp\/v2\/posts\/412\/revisions"}],"predecessor-version":[{"id":494,"href":"https:\/\/www.mckrudasl.pl\/index.php\/wp-json\/wp\/v2\/posts\/412\/revisions\/494"}],"wp:featuredmedia":[{"embeddable":true,"href":"https:\/\/www.mckrudasl.pl\/index.php\/wp-json\/wp\/v2\/media\/411"}],"wp:attachment":[{"href":"https:\/\/www.mckrudasl.pl\/index.php\/wp-json\/wp\/v2\/media?parent=412"}],"wp:term":[{"taxonomy":"category","embeddable":true,"href":"https:\/\/www.mckrudasl.pl\/index.php\/wp-json\/wp\/v2\/categories?post=412"},{"taxonomy":"post_tag","embeddable":true,"href":"https:\/\/www.mckrudasl.pl\/index.php\/wp-json\/wp\/v2\/tags?post=412"}],"curies":[{"name":"wp","href":"https:\/\/api.w.org\/{rel}","templated":true}]}}